{"id":15577,"date":"2025-01-10T07:57:33","date_gmt":"2025-01-10T07:57:33","guid":{"rendered":"https:\/\/timberwalls.net\/?p=15577"},"modified":"2025-01-10T07:57:33","modified_gmt":"2025-01-10T07:57:33","slug":"foerderung-aus-dem-europaeischen-fonds-fuer-regionale-entwicklung","status":"publish","type":"post","link":"https:\/\/timberwalls.net\/de\/2025\/01\/10\/foerderung-aus-dem-europaeischen-fonds-fuer-regionale-entwicklung\/","title":{"rendered":"F\u00f6rderung aus dem Europ\u00e4ischen Fonds f\u00fcr regionale Entwicklung"},"content":{"rendered":"<div class=\"wpb-content-wrapper\"><p>[vc_row][vc_column]\t\t\t<link rel=\"stylesheet\" id=\"wd-text-block-css\" href=\"https:\/\/timberwalls.net\/wp-content\/themes\/woodmart\/css\/parts\/el-text-block.min.css?ver=7.5.2\" type=\"text\/css\" media=\"all\" \/> \t\t\t\t\t<div id=\"wd-6780d272b7bd2\" class=\"wd-text-block wd-wpb reset-last-child wd-rs-6780d272b7bd2 text-left \">\n\t\t\t<p>Die UAB &#8222;Gelmeda&#8220; f\u00fchrt ein Projekt durch, das aus dem Europ\u00e4ischen Fonds f\u00fcr regionale Entwicklung im Rahmen der COVID-19-Pandemie-Reaktionsinitiative der Europ\u00e4ischen Union finanziert wird.<\/p>\n<p>Ziel des Projekts ist es, IT-L\u00f6sungen f\u00fcr die elektronische Verwaltung von Gesch\u00e4ftstransaktionen umzusetzen, um die Betriebseffizienz des Unternehmens zu steigern und das Umsatzwachstum zu f\u00f6rdern.<\/p>\n<p>Im Rahmen des Projekts entwickelt und implementiert die UAB &#8222;Gelmeda&#8220; ein E-Commerce-Modell, das Gesch\u00e4ftsprozesse optimieren, Verwaltungskosten senken und eine bequeme sowie effiziente Kommunikation mit den Kunden gew\u00e4hrleisten wird.<\/p>\n<p>Dieses Projekt ist ein bedeutendes Instrument zur Verbesserung der Wettbewerbsf\u00e4higkeit des Unternehmens, insbesondere im Kontext der durch die COVID-19-Pandemie verursachten Herausforderungen, und tr\u00e4gt zur wirtschaftlichen Erholung und F\u00f6rderung der Digitalisierung bei.<\/p>\n<p>Das Projekt wird aus dem Europ\u00e4ischen Fonds f\u00fcr regionale Entwicklung finanziert.<\/p>\n\t\t<\/div>\n\t\t[\/vc_column][\/vc_row][vc_row][vc_column][vc_single_image image=&#8220;15359&#8243; img_size=&#8220;medium&#8220; css=&#8220;&#8220; parallax_scroll=&#8220;no&#8220; woodmart_inline=&#8220;no&#8220;][\/vc_column][\/vc_row]<\/p>\n<\/div>","protected":false},"excerpt":{"rendered":"<p>[vc_row][vc_column][\/vc_column][\/vc_row][vc_row][vc_column][vc_single_image image=&#8220;15359&#8243; img_size=&#8220;medium&#8220; css=&#8220;&#8220; parallax_scroll=&#8220;no&#8220; woodmart_inline=&#8220;no&#8220;][\/vc_column][\/vc_row]<\/p>\n","protected":false},"author":3,"featured_media":15369,"comment_status":"closed","ping_status":"closed","sticky":false,"template":"","format":"standard","meta":{"footnotes":""},"categories":[],"tags":[],"class_list":["post-15577","post","type-post","status-publish","format-standard","has-post-thumbnail","hentry"],"yoast_head":"<!-- This site is optimized with the Yoast SEO plugin v23.6 - https:\/\/yoast.com\/wordpress\/plugins\/seo\/ -->\n<title>F\u00f6rderung aus dem Europ\u00e4ischen Fonds f\u00fcr regionale Entwicklung - timberwalls.net<\/title>\n<meta name=\"robots\" content=\"index, follow, max-snippet:-1, max-image-preview:large, max-video-preview:-1\" \/>\n<link rel=\"canonical\" href=\"https:\/\/timberwalls.net\/de\/2025\/01\/10\/foerderung-aus-dem-europaeischen-fonds-fuer-regionale-entwicklung\/\" \/>\n<meta property=\"og:locale\" content=\"de_DE\" \/>\n<meta property=\"og:type\" content=\"article\" \/>\n<meta property=\"og:title\" content=\"F\u00f6rderung aus dem Europ\u00e4ischen Fonds f\u00fcr regionale Entwicklung - timberwalls.net\" \/>\n<meta property=\"og:url\" content=\"https:\/\/timberwalls.net\/de\/2025\/01\/10\/foerderung-aus-dem-europaeischen-fonds-fuer-regionale-entwicklung\/\" \/>\n<meta property=\"og:site_name\" content=\"timberwalls.net\" \/>\n<meta property=\"article:published_time\" content=\"2025-01-10T07:57:33+00:00\" \/>\n<meta property=\"og:image\" content=\"https:\/\/timberwalls.net\/wp-content\/uploads\/2024\/11\/guillaume-perigois-HL4LEIyGEYU-unsplash-scaled.jpg\" \/>\n\t<meta property=\"og:image:width\" content=\"2560\" \/>\n\t<meta property=\"og:image:height\" content=\"1962\" \/>\n\t<meta property=\"og:image:type\" content=\"image\/jpeg\" \/>\n<meta name=\"author\" content=\"administratorius\" \/>\n<meta name=\"twitter:card\" content=\"summary_large_image\" \/>\n<meta name=\"twitter:label1\" content=\"Verfasst von\" \/>\n\t<meta name=\"twitter:data1\" content=\"administratorius\" \/>\n\t<meta name=\"twitter:label2\" content=\"Gesch\u00e4tzte Lesezeit\" \/>\n\t<meta name=\"twitter:data2\" content=\"2\u00a0Minuten\" \/>\n<script type=\"application\/ld+json\" class=\"yoast-schema-graph\">{\"@context\":\"https:\/\/schema.org\",\"@graph\":[{\"@type\":\"Article\",\"@id\":\"https:\/\/timberwalls.net\/de\/2025\/01\/10\/foerderung-aus-dem-europaeischen-fonds-fuer-regionale-entwicklung\/#article\",\"isPartOf\":{\"@id\":\"https:\/\/timberwalls.net\/de\/2025\/01\/10\/foerderung-aus-dem-europaeischen-fonds-fuer-regionale-entwicklung\/\"},\"author\":{\"name\":\"administratorius\",\"@id\":\"https:\/\/timberwalls.net\/de\/#\/schema\/person\/cdba70f3cad36cb90f356bde20f9aad0\"},\"headline\":\"F\u00f6rderung aus dem Europ\u00e4ischen Fonds f\u00fcr regionale Entwicklung\",\"datePublished\":\"2025-01-10T07:57:33+00:00\",\"dateModified\":\"2025-01-10T07:57:33+00:00\",\"mainEntityOfPage\":{\"@id\":\"https:\/\/timberwalls.net\/de\/2025\/01\/10\/foerderung-aus-dem-europaeischen-fonds-fuer-regionale-entwicklung\/\"},\"wordCount\":244,\"publisher\":{\"@id\":\"https:\/\/timberwalls.net\/de\/#organization\"},\"image\":{\"@id\":\"https:\/\/timberwalls.net\/de\/2025\/01\/10\/foerderung-aus-dem-europaeischen-fonds-fuer-regionale-entwicklung\/#primaryimage\"},\"thumbnailUrl\":\"https:\/\/timberwalls.net\/wp-content\/uploads\/2024\/11\/guillaume-perigois-HL4LEIyGEYU-unsplash-scaled.jpg\",\"inLanguage\":\"de\"},{\"@type\":\"WebPage\",\"@id\":\"https:\/\/timberwalls.net\/de\/2025\/01\/10\/foerderung-aus-dem-europaeischen-fonds-fuer-regionale-entwicklung\/\",\"url\":\"https:\/\/timberwalls.net\/de\/2025\/01\/10\/foerderung-aus-dem-europaeischen-fonds-fuer-regionale-entwicklung\/\",\"name\":\"F\u00f6rderung aus dem Europ\u00e4ischen Fonds f\u00fcr regionale Entwicklung - timberwalls.net\",\"isPartOf\":{\"@id\":\"https:\/\/timberwalls.net\/de\/#website\"},\"primaryImageOfPage\":{\"@id\":\"https:\/\/timberwalls.net\/de\/2025\/01\/10\/foerderung-aus-dem-europaeischen-fonds-fuer-regionale-entwicklung\/#primaryimage\"},\"image\":{\"@id\":\"https:\/\/timberwalls.net\/de\/2025\/01\/10\/foerderung-aus-dem-europaeischen-fonds-fuer-regionale-entwicklung\/#primaryimage\"},\"thumbnailUrl\":\"https:\/\/timberwalls.net\/wp-content\/uploads\/2024\/11\/guillaume-perigois-HL4LEIyGEYU-unsplash-scaled.jpg\",\"datePublished\":\"2025-01-10T07:57:33+00:00\",\"dateModified\":\"2025-01-10T07:57:33+00:00\",\"breadcrumb\":{\"@id\":\"https:\/\/timberwalls.net\/de\/2025\/01\/10\/foerderung-aus-dem-europaeischen-fonds-fuer-regionale-entwicklung\/#breadcrumb\"},\"inLanguage\":\"de\",\"potentialAction\":[{\"@type\":\"ReadAction\",\"target\":[\"https:\/\/timberwalls.net\/de\/2025\/01\/10\/foerderung-aus-dem-europaeischen-fonds-fuer-regionale-entwicklung\/\"]}]},{\"@type\":\"ImageObject\",\"inLanguage\":\"de\",\"@id\":\"https:\/\/timberwalls.net\/de\/2025\/01\/10\/foerderung-aus-dem-europaeischen-fonds-fuer-regionale-entwicklung\/#primaryimage\",\"url\":\"https:\/\/timberwalls.net\/wp-content\/uploads\/2024\/11\/guillaume-perigois-HL4LEIyGEYU-unsplash-scaled.jpg\",\"contentUrl\":\"https:\/\/timberwalls.net\/wp-content\/uploads\/2024\/11\/guillaume-perigois-HL4LEIyGEYU-unsplash-scaled.jpg\",\"width\":2560,\"height\":1962},{\"@type\":\"BreadcrumbList\",\"@id\":\"https:\/\/timberwalls.net\/de\/2025\/01\/10\/foerderung-aus-dem-europaeischen-fonds-fuer-regionale-entwicklung\/#breadcrumb\",\"itemListElement\":[{\"@type\":\"ListItem\",\"position\":1,\"name\":\"Home\",\"item\":\"https:\/\/timberwalls.net\/de\/\"},{\"@type\":\"ListItem\",\"position\":2,\"name\":\"F\u00f6rderung aus dem Europ\u00e4ischen Fonds f\u00fcr regionale Entwicklung\"}]},{\"@type\":\"WebSite\",\"@id\":\"https:\/\/timberwalls.net\/de\/#website\",\"url\":\"https:\/\/timberwalls.net\/de\/\",\"name\":\"timberwalls.net\",\"description\":\"timberwalls.net\",\"publisher\":{\"@id\":\"https:\/\/timberwalls.net\/de\/#organization\"},\"potentialAction\":[{\"@type\":\"SearchAction\",\"target\":{\"@type\":\"EntryPoint\",\"urlTemplate\":\"https:\/\/timberwalls.net\/de\/?s={search_term_string}\"},\"query-input\":{\"@type\":\"PropertyValueSpecification\",\"valueRequired\":true,\"valueName\":\"search_term_string\"}}],\"inLanguage\":\"de\"},{\"@type\":\"Organization\",\"@id\":\"https:\/\/timberwalls.net\/de\/#organization\",\"name\":\"Wooden frame-panel houses\",\"url\":\"https:\/\/timberwalls.net\/de\/\",\"logo\":{\"@type\":\"ImageObject\",\"inLanguage\":\"de\",\"@id\":\"https:\/\/timberwalls.net\/de\/#\/schema\/logo\/image\/\",\"url\":\"https:\/\/timberwalls.net\/wp-content\/uploads\/2024\/08\/Timberwalls-logo-1.jpg\",\"contentUrl\":\"https:\/\/timberwalls.net\/wp-content\/uploads\/2024\/08\/Timberwalls-logo-1.jpg\",\"width\":960,\"height\":685,\"caption\":\"Wooden frame-panel houses\"},\"image\":{\"@id\":\"https:\/\/timberwalls.net\/de\/#\/schema\/logo\/image\/\"}},{\"@type\":\"Person\",\"@id\":\"https:\/\/timberwalls.net\/de\/#\/schema\/person\/cdba70f3cad36cb90f356bde20f9aad0\",\"name\":\"administratorius\",\"image\":{\"@type\":\"ImageObject\",\"inLanguage\":\"de\",\"@id\":\"https:\/\/timberwalls.net\/de\/#\/schema\/person\/image\/\",\"url\":\"https:\/\/secure.gravatar.com\/avatar\/284fd1bad45f053b3b6a4093d7e4d87f226f2a85895438e8a29f0863bc3d2bb6?s=96&d=mm&r=g\",\"contentUrl\":\"https:\/\/secure.gravatar.com\/avatar\/284fd1bad45f053b3b6a4093d7e4d87f226f2a85895438e8a29f0863bc3d2bb6?s=96&d=mm&r=g\",\"caption\":\"administratorius\"},\"url\":\"https:\/\/timberwalls.net\/de\/author\/administratorius\/\"}]}<\/script>\n<!-- \/ Yoast SEO plugin. -->","yoast_head_json":{"title":"F\u00f6rderung aus dem Europ\u00e4ischen Fonds f\u00fcr regionale Entwicklung - timberwalls.net","robots":{"index":"index","follow":"follow","max-snippet":"max-snippet:-1","max-image-preview":"max-image-preview:large","max-video-preview":"max-video-preview:-1"},"canonical":"https:\/\/timberwalls.net\/de\/2025\/01\/10\/foerderung-aus-dem-europaeischen-fonds-fuer-regionale-entwicklung\/","og_locale":"de_DE","og_type":"article","og_title":"F\u00f6rderung aus dem Europ\u00e4ischen Fonds f\u00fcr regionale Entwicklung - timberwalls.net","og_url":"https:\/\/timberwalls.net\/de\/2025\/01\/10\/foerderung-aus-dem-europaeischen-fonds-fuer-regionale-entwicklung\/","og_site_name":"timberwalls.net","article_published_time":"2025-01-10T07:57:33+00:00","og_image":[{"width":2560,"height":1962,"url":"https:\/\/timberwalls.net\/wp-content\/uploads\/2024\/11\/guillaume-perigois-HL4LEIyGEYU-unsplash-scaled.jpg","type":"image\/jpeg"}],"author":"administratorius","twitter_card":"summary_large_image","twitter_misc":{"Verfasst von":"administratorius","Gesch\u00e4tzte Lesezeit":"2\u00a0Minuten"},"schema":{"@context":"https:\/\/schema.org","@graph":[{"@type":"Article","@id":"https:\/\/timberwalls.net\/de\/2025\/01\/10\/foerderung-aus-dem-europaeischen-fonds-fuer-regionale-entwicklung\/#article","isPartOf":{"@id":"https:\/\/timberwalls.net\/de\/2025\/01\/10\/foerderung-aus-dem-europaeischen-fonds-fuer-regionale-entwicklung\/"},"author":{"name":"administratorius","@id":"https:\/\/timberwalls.net\/de\/#\/schema\/person\/cdba70f3cad36cb90f356bde20f9aad0"},"headline":"F\u00f6rderung aus dem Europ\u00e4ischen Fonds f\u00fcr regionale Entwicklung","datePublished":"2025-01-10T07:57:33+00:00","dateModified":"2025-01-10T07:57:33+00:00","mainEntityOfPage":{"@id":"https:\/\/timberwalls.net\/de\/2025\/01\/10\/foerderung-aus-dem-europaeischen-fonds-fuer-regionale-entwicklung\/"},"wordCount":244,"publisher":{"@id":"https:\/\/timberwalls.net\/de\/#organization"},"image":{"@id":"https:\/\/timberwalls.net\/de\/2025\/01\/10\/foerderung-aus-dem-europaeischen-fonds-fuer-regionale-entwicklung\/#primaryimage"},"thumbnailUrl":"https:\/\/timberwalls.net\/wp-content\/uploads\/2024\/11\/guillaume-perigois-HL4LEIyGEYU-unsplash-scaled.jpg","inLanguage":"de"},{"@type":"WebPage","@id":"https:\/\/timberwalls.net\/de\/2025\/01\/10\/foerderung-aus-dem-europaeischen-fonds-fuer-regionale-entwicklung\/","url":"https:\/\/timberwalls.net\/de\/2025\/01\/10\/foerderung-aus-dem-europaeischen-fonds-fuer-regionale-entwicklung\/","name":"F\u00f6rderung aus dem Europ\u00e4ischen Fonds f\u00fcr regionale Entwicklung - timberwalls.net","isPartOf":{"@id":"https:\/\/timberwalls.net\/de\/#website"},"primaryImageOfPage":{"@id":"https:\/\/timberwalls.net\/de\/2025\/01\/10\/foerderung-aus-dem-europaeischen-fonds-fuer-regionale-entwicklung\/#primaryimage"},"image":{"@id":"https:\/\/timberwalls.net\/de\/2025\/01\/10\/foerderung-aus-dem-europaeischen-fonds-fuer-regionale-entwicklung\/#primaryimage"},"thumbnailUrl":"https:\/\/timberwalls.net\/wp-content\/uploads\/2024\/11\/guillaume-perigois-HL4LEIyGEYU-unsplash-scaled.jpg","datePublished":"2025-01-10T07:57:33+00:00","dateModified":"2025-01-10T07:57:33+00:00","breadcrumb":{"@id":"https:\/\/timberwalls.net\/de\/2025\/01\/10\/foerderung-aus-dem-europaeischen-fonds-fuer-regionale-entwicklung\/#breadcrumb"},"inLanguage":"de","potentialAction":[{"@type":"ReadAction","target":["https:\/\/timberwalls.net\/de\/2025\/01\/10\/foerderung-aus-dem-europaeischen-fonds-fuer-regionale-entwicklung\/"]}]},{"@type":"ImageObject","inLanguage":"de","@id":"https:\/\/timberwalls.net\/de\/2025\/01\/10\/foerderung-aus-dem-europaeischen-fonds-fuer-regionale-entwicklung\/#primaryimage","url":"https:\/\/timberwalls.net\/wp-content\/uploads\/2024\/11\/guillaume-perigois-HL4LEIyGEYU-unsplash-scaled.jpg","contentUrl":"https:\/\/timberwalls.net\/wp-content\/uploads\/2024\/11\/guillaume-perigois-HL4LEIyGEYU-unsplash-scaled.jpg","width":2560,"height":1962},{"@type":"BreadcrumbList","@id":"https:\/\/timberwalls.net\/de\/2025\/01\/10\/foerderung-aus-dem-europaeischen-fonds-fuer-regionale-entwicklung\/#breadcrumb","itemListElement":[{"@type":"ListItem","position":1,"name":"Home","item":"https:\/\/timberwalls.net\/de\/"},{"@type":"ListItem","position":2,"name":"F\u00f6rderung aus dem Europ\u00e4ischen Fonds f\u00fcr regionale Entwicklung"}]},{"@type":"WebSite","@id":"https:\/\/timberwalls.net\/de\/#website","url":"https:\/\/timberwalls.net\/de\/","name":"timberwalls.net","description":"timberwalls.net","publisher":{"@id":"https:\/\/timberwalls.net\/de\/#organization"},"potentialAction":[{"@type":"SearchAction","target":{"@type":"EntryPoint","urlTemplate":"https:\/\/timberwalls.net\/de\/?s={search_term_string}"},"query-input":{"@type":"PropertyValueSpecification","valueRequired":true,"valueName":"search_term_string"}}],"inLanguage":"de"},{"@type":"Organization","@id":"https:\/\/timberwalls.net\/de\/#organization","name":"Wooden frame-panel houses","url":"https:\/\/timberwalls.net\/de\/","logo":{"@type":"ImageObject","inLanguage":"de","@id":"https:\/\/timberwalls.net\/de\/#\/schema\/logo\/image\/","url":"https:\/\/timberwalls.net\/wp-content\/uploads\/2024\/08\/Timberwalls-logo-1.jpg","contentUrl":"https:\/\/timberwalls.net\/wp-content\/uploads\/2024\/08\/Timberwalls-logo-1.jpg","width":960,"height":685,"caption":"Wooden frame-panel houses"},"image":{"@id":"https:\/\/timberwalls.net\/de\/#\/schema\/logo\/image\/"}},{"@type":"Person","@id":"https:\/\/timberwalls.net\/de\/#\/schema\/person\/cdba70f3cad36cb90f356bde20f9aad0","name":"administratorius","image":{"@type":"ImageObject","inLanguage":"de","@id":"https:\/\/timberwalls.net\/de\/#\/schema\/person\/image\/","url":"https:\/\/secure.gravatar.com\/avatar\/284fd1bad45f053b3b6a4093d7e4d87f226f2a85895438e8a29f0863bc3d2bb6?s=96&d=mm&r=g","contentUrl":"https:\/\/secure.gravatar.com\/avatar\/284fd1bad45f053b3b6a4093d7e4d87f226f2a85895438e8a29f0863bc3d2bb6?s=96&d=mm&r=g","caption":"administratorius"},"url":"https:\/\/timberwalls.net\/de\/author\/administratorius\/"}]}},"_links":{"self":[{"href":"https:\/\/timberwalls.net\/de\/wp-json\/wp\/v2\/posts\/15577","targetHints":{"allow":["GET"]}}],"collection":[{"href":"https:\/\/timberwalls.net\/de\/wp-json\/wp\/v2\/posts"}],"about":[{"href":"https:\/\/timberwalls.net\/de\/wp-json\/wp\/v2\/types\/post"}],"author":[{"embeddable":true,"href":"https:\/\/timberwalls.net\/de\/wp-json\/wp\/v2\/users\/3"}],"replies":[{"embeddable":true,"href":"https:\/\/timberwalls.net\/de\/wp-json\/wp\/v2\/comments?post=15577"}],"version-history":[{"count":1,"href":"https:\/\/timberwalls.net\/de\/wp-json\/wp\/v2\/posts\/15577\/revisions"}],"predecessor-version":[{"id":15580,"href":"https:\/\/timberwalls.net\/de\/wp-json\/wp\/v2\/posts\/15577\/revisions\/15580"}],"wp:featuredmedia":[{"embeddable":true,"href":"https:\/\/timberwalls.net\/de\/wp-json\/wp\/v2\/media\/15369"}],"wp:attachment":[{"href":"https:\/\/timberwalls.net\/de\/wp-json\/wp\/v2\/media?parent=15577"}],"wp:term":[{"taxonomy":"category","embeddable":true,"href":"https:\/\/timberwalls.net\/de\/wp-json\/wp\/v2\/categories?post=15577"},{"taxonomy":"post_tag","embeddable":true,"href":"https:\/\/timberwalls.net\/de\/wp-json\/wp\/v2\/tags?post=15577"}],"curies":[{"name":"wp","href":"https:\/\/api.w.org\/{rel}","templated":true}]}}